{"id":986,"date":"2018-03-11T11:37:40","date_gmt":"2018-03-11T10:37:40","guid":{"rendered":"http:\/\/www.atlaskorrektur-berlin.de\/?p=986"},"modified":"2018-03-11T11:37:40","modified_gmt":"2018-03-11T10:37:40","slug":"eine-atlaskorrektur","status":"publish","type":"post","link":"https:\/\/www.atlaskorrektur-berlin.de\/en\/patientenstimmen\/eine-atlaskorrektur-986\/","title":{"rendered":"Eine Atlaskorrektur"},"content":{"rendered":"<div>\u00a0w\u00fcrde ich nur bei Jemandem durchf\u00fchren lassen, dem ich absolut vertraue. Bei Stefan Datt hatte ich sofort ein gutes Gef\u00fchl und habe mich sehr wohl gef\u00fchlt. F\u00fcr die besondere und vor allem freundliche Atmosph\u00e4re in der Praxis fahre ich auch gerne durch die ganze Stadt &#8211; f\u00fcr mich ist es eine kleine Wohlf\u00fchloase.<br \/>\nIch habe die Praxis seither oftmals weiterempfohlen und alle waren bisher sehr dankbar und zufrieden!<\/div>\n<div>Anna S.<\/div>\n","protected":false},"excerpt":{"rendered":"<p>\u00a0w\u00fcrde ich nur bei Jemandem durchf\u00fchren lassen, dem ich absolut vertraue. Bei Stefan Datt hatte ich sofort ein gutes Gef\u00fchl und habe mich sehr wohl gef\u00fchlt. F\u00fcr die besondere und vor allem freundliche Atmosph\u00e4re in der Praxis fahre ich auch gerne durch die ganze Stadt &#8211; f\u00fcr mich ist es eine kleine Wohlf\u00fchloase. Ich habe [&hellip;]<\/p>\n","protected":false},"author":4,"featured_media":0,"comment_status":"closed","ping_status":"closed","sticky":false,"template":"","format":"standard","meta":{"footnotes":""},"categories":[5],"tags":[],"class_list":["post-986","post","type-post","status-publish","format-standard","hentry","category-patientenstimmen"],"translation":{"provider":"WPGlobus","version":"2.12.2","language":"en","enabled_languages":["de","en"],"languages":{"de":{"title":true,"content":true,"excerpt":false},"en":{"title":false,"content":false,"excerpt":false}}},"_links":{"self":[{"href":"https:\/\/www.atlaskorrektur-berlin.de\/en\/wp-json\/wp\/v2\/posts\/986","targetHints":{"allow":["GET"]}}],"collection":[{"href":"https:\/\/www.atlaskorrektur-berlin.de\/en\/wp-json\/wp\/v2\/posts"}],"about":[{"href":"https:\/\/www.atlaskorrektur-berlin.de\/en\/wp-json\/wp\/v2\/types\/post"}],"author":[{"embeddable":true,"href":"https:\/\/www.atlaskorrektur-berlin.de\/en\/wp-json\/wp\/v2\/users\/4"}],"replies":[{"embeddable":true,"href":"https:\/\/www.atlaskorrektur-berlin.de\/en\/wp-json\/wp\/v2\/comments?post=986"}],"version-history":[{"count":0,"href":"https:\/\/www.atlaskorrektur-berlin.de\/en\/wp-json\/wp\/v2\/posts\/986\/revisions"}],"wp:attachment":[{"href":"https:\/\/www.atlaskorrektur-berlin.de\/en\/wp-json\/wp\/v2\/media?parent=986"}],"wp:term":[{"taxonomy":"category","embeddable":true,"href":"https:\/\/www.atlaskorrektur-berlin.de\/en\/wp-json\/wp\/v2\/categories?post=986"},{"taxonomy":"post_tag","embeddable":true,"href":"https:\/\/www.atlaskorrektur-berlin.de\/en\/wp-json\/wp\/v2\/tags?post=986"}],"curies":[{"name":"wp","href":"https:\/\/api.w.org\/{rel}","templated":true}]}}