{"id":620,"date":"2016-12-30T11:15:17","date_gmt":"2016-12-30T10:15:17","guid":{"rendered":"http:\/\/www.atlaskorrektur-berlin.de\/?p=620"},"modified":"2016-12-30T11:49:50","modified_gmt":"2016-12-30T10:49:50","slug":"hallo","status":"publish","type":"post","link":"https:\/\/www.atlaskorrektur-berlin.de\/en\/patientenstimmen\/hallo-620\/","title":{"rendered":"&#8220;Hallo,"},"content":{"rendered":"<p>mir ging es wirklich sehr schlecht und ich hatte Herrn Datt, via E-mail kontaktiert. Er hat mir gleich ausf\u00fchrlich geantwortet und ich f\u00fchlte mich, nach ewigen Zeiten, endlich mal verstanden. Schon bei den Terminabsprachen wurde ich am Telefon herzlichst aufgenommen. Als ich den Therapeut Herrn Datt zum 1. Mal traf, war ich sofort begeistert. Seine hohe Kompetenz und die Liebe f\u00fcr seinen Beruf, war sofort zu sp\u00fcren. Er strahlte so eine Ruhe aus, dass er mich sofort auf die selbe Ebene gebracht hatte. Schon nach der 1. Behandlung versp\u00fcrte ich sofort eine Verbesserung meiner meiner Schmerzen und Migr\u00e4ne.Ich kann diese Praxis nur empfehlen, da sie von hoher Kompetenz und einer ruhigen, famili\u00e4ren Atmosph\u00e4re gepr\u00e4gt ist. Ich habe meine Lebensqualit\u00e4t zur\u00fcck.&#8221;Danke Liebes Praxis-Team!&#8221;&#8221; J.<\/p>\n","protected":false},"excerpt":{"rendered":"<p>mir ging es wirklich sehr schlecht und ich hatte Herrn Datt, via E-mail kontaktiert. Er hat mir gleich ausf\u00fchrlich geantwortet und ich f\u00fchlte mich, nach ewigen Zeiten, endlich mal verstanden. Schon bei den Terminabsprachen wurde ich am Telefon herzlichst aufgenommen. Als ich den Therapeut Herrn Datt zum 1. Mal traf, war ich sofort begeistert. Seine [&hellip;]<\/p>\n","protected":false},"author":4,"featured_media":0,"comment_status":"closed","ping_status":"closed","sticky":false,"template":"","format":"standard","meta":{"footnotes":""},"categories":[5],"tags":[],"class_list":["post-620","post","type-post","status-publish","format-standard","hentry","category-patientenstimmen"],"translation":{"provider":"WPGlobus","version":"2.12.2","language":"en","enabled_languages":["de","en"],"languages":{"de":{"title":true,"content":true,"excerpt":false},"en":{"title":false,"content":false,"excerpt":false}}},"_links":{"self":[{"href":"https:\/\/www.atlaskorrektur-berlin.de\/en\/wp-json\/wp\/v2\/posts\/620","targetHints":{"allow":["GET"]}}],"collection":[{"href":"https:\/\/www.atlaskorrektur-berlin.de\/en\/wp-json\/wp\/v2\/posts"}],"about":[{"href":"https:\/\/www.atlaskorrektur-berlin.de\/en\/wp-json\/wp\/v2\/types\/post"}],"author":[{"embeddable":true,"href":"https:\/\/www.atlaskorrektur-berlin.de\/en\/wp-json\/wp\/v2\/users\/4"}],"replies":[{"embeddable":true,"href":"https:\/\/www.atlaskorrektur-berlin.de\/en\/wp-json\/wp\/v2\/comments?post=620"}],"version-history":[{"count":0,"href":"https:\/\/www.atlaskorrektur-berlin.de\/en\/wp-json\/wp\/v2\/posts\/620\/revisions"}],"wp:attachment":[{"href":"https:\/\/www.atlaskorrektur-berlin.de\/en\/wp-json\/wp\/v2\/media?parent=620"}],"wp:term":[{"taxonomy":"category","embeddable":true,"href":"https:\/\/www.atlaskorrektur-berlin.de\/en\/wp-json\/wp\/v2\/categories?post=620"},{"taxonomy":"post_tag","embeddable":true,"href":"https:\/\/www.atlaskorrektur-berlin.de\/en\/wp-json\/wp\/v2\/tags?post=620"}],"curies":[{"name":"wp","href":"https:\/\/api.w.org\/{rel}","templated":true}]}}