{"id":1311,"date":"2025-07-11T11:20:16","date_gmt":"2025-07-11T09:20:16","guid":{"rendered":"https:\/\/www.atlaskorrektur-berlin.de\/?p=1311"},"modified":"2025-07-11T11:20:17","modified_gmt":"2025-07-11T09:20:17","slug":"ich-habe-bei-stefan","status":"publish","type":"post","link":"https:\/\/www.atlaskorrektur-berlin.de\/en\/patientenstimmen\/ich-habe-bei-stefan-1311\/","title":{"rendered":"Ich habe bei Stefan"},"content":{"rendered":"\n<p>und seinem Team eine ambulante Migr\u00e4newochentherapiebehandlung durchf\u00fchren lassen, um meine Migr\u00e4ne besser in den Griff zu bekommen. Die Therapie besteht aus einem Mix von ineinander abgestimmten Behandlungen mit verschiedenen Therapeuten. Im Fokus hierbei steht die Atlaskorrektur bei Stefan. Seitdem geht es mir wesentlich besser. Kann ich jedem empfehlen, der unter Migr\u00e4ne leidet. Tolles Team. Tolle Praxis. Danke<\/p>\n","protected":false},"excerpt":{"rendered":"<p>und seinem Team eine ambulante Migr\u00e4newochentherapiebehandlung durchf\u00fchren lassen, um meine Migr\u00e4ne besser in den Griff zu bekommen. Die Therapie besteht aus einem Mix von ineinander abgestimmten Behandlungen mit verschiedenen Therapeuten. Im Fokus hierbei steht die Atlaskorrektur bei Stefan. Seitdem geht es mir wesentlich besser. Kann ich jedem empfehlen, der unter Migr\u00e4ne leidet. Tolles Team. Tolle [&hellip;]<\/p>\n","protected":false},"author":4,"featured_media":0,"comment_status":"closed","ping_status":"closed","sticky":false,"template":"","format":"standard","meta":{"footnotes":""},"categories":[5],"tags":[],"class_list":["post-1311","post","type-post","status-publish","format-standard","hentry","category-patientenstimmen"],"translation":{"provider":"WPGlobus","version":"2.12.2","language":"en","enabled_languages":["de","en"],"languages":{"de":{"title":true,"content":true,"excerpt":false},"en":{"title":false,"content":false,"excerpt":false}}},"_links":{"self":[{"href":"https:\/\/www.atlaskorrektur-berlin.de\/en\/wp-json\/wp\/v2\/posts\/1311","targetHints":{"allow":["GET"]}}],"collection":[{"href":"https:\/\/www.atlaskorrektur-berlin.de\/en\/wp-json\/wp\/v2\/posts"}],"about":[{"href":"https:\/\/www.atlaskorrektur-berlin.de\/en\/wp-json\/wp\/v2\/types\/post"}],"author":[{"embeddable":true,"href":"https:\/\/www.atlaskorrektur-berlin.de\/en\/wp-json\/wp\/v2\/users\/4"}],"replies":[{"embeddable":true,"href":"https:\/\/www.atlaskorrektur-berlin.de\/en\/wp-json\/wp\/v2\/comments?post=1311"}],"version-history":[{"count":1,"href":"https:\/\/www.atlaskorrektur-berlin.de\/en\/wp-json\/wp\/v2\/posts\/1311\/revisions"}],"predecessor-version":[{"id":1312,"href":"https:\/\/www.atlaskorrektur-berlin.de\/en\/wp-json\/wp\/v2\/posts\/1311\/revisions\/1312"}],"wp:attachment":[{"href":"https:\/\/www.atlaskorrektur-berlin.de\/en\/wp-json\/wp\/v2\/media?parent=1311"}],"wp:term":[{"taxonomy":"category","embeddable":true,"href":"https:\/\/www.atlaskorrektur-berlin.de\/en\/wp-json\/wp\/v2\/categories?post=1311"},{"taxonomy":"post_tag","embeddable":true,"href":"https:\/\/www.atlaskorrektur-berlin.de\/en\/wp-json\/wp\/v2\/tags?post=1311"}],"curies":[{"name":"wp","href":"https:\/\/api.w.org\/{rel}","templated":true}]}}