{"id":1290,"date":"2024-07-06T12:49:28","date_gmt":"2024-07-06T10:49:28","guid":{"rendered":"https:\/\/www.atlaskorrektur-berlin.de\/?p=1290"},"modified":"2024-07-06T12:49:29","modified_gmt":"2024-07-06T10:49:29","slug":"war-beim-stefan-datt","status":"publish","type":"post","link":"https:\/\/www.atlaskorrektur-berlin.de\/en\/patientenstimmen\/war-beim-stefan-datt-1290\/","title":{"rendered":"War beim Stefan Datt"},"content":{"rendered":"\n<p>vor einem Monat auf Empfehlung einer Freundin. Habe mir umsonst Sorgen gemacht, dass es wehtun k\u00f6nnte. Der Stefan erkl\u00e4rt alles. Die Behandlung war so SANFT und vor allem GANZ OHNE SCHMERZEN. Seitdem nicht einmal Migr\u00e4ne gehabt. Echt Wahnsinn!<\/p>\n","protected":false},"excerpt":{"rendered":"<p>vor einem Monat auf Empfehlung einer Freundin. Habe mir umsonst Sorgen gemacht, dass es wehtun k\u00f6nnte. Der Stefan erkl\u00e4rt alles. Die Behandlung war so SANFT und vor allem GANZ OHNE SCHMERZEN. Seitdem nicht einmal Migr\u00e4ne gehabt. Echt Wahnsinn!<\/p>\n","protected":false},"author":4,"featured_media":0,"comment_status":"closed","ping_status":"closed","sticky":false,"template":"","format":"standard","meta":{"footnotes":""},"categories":[5],"tags":[],"class_list":["post-1290","post","type-post","status-publish","format-standard","hentry","category-patientenstimmen"],"translation":{"provider":"WPGlobus","version":"2.12.2","language":"en","enabled_languages":["de","en"],"languages":{"de":{"title":true,"content":true,"excerpt":false},"en":{"title":false,"content":false,"excerpt":false}}},"_links":{"self":[{"href":"https:\/\/www.atlaskorrektur-berlin.de\/en\/wp-json\/wp\/v2\/posts\/1290","targetHints":{"allow":["GET"]}}],"collection":[{"href":"https:\/\/www.atlaskorrektur-berlin.de\/en\/wp-json\/wp\/v2\/posts"}],"about":[{"href":"https:\/\/www.atlaskorrektur-berlin.de\/en\/wp-json\/wp\/v2\/types\/post"}],"author":[{"embeddable":true,"href":"https:\/\/www.atlaskorrektur-berlin.de\/en\/wp-json\/wp\/v2\/users\/4"}],"replies":[{"embeddable":true,"href":"https:\/\/www.atlaskorrektur-berlin.de\/en\/wp-json\/wp\/v2\/comments?post=1290"}],"version-history":[{"count":1,"href":"https:\/\/www.atlaskorrektur-berlin.de\/en\/wp-json\/wp\/v2\/posts\/1290\/revisions"}],"predecessor-version":[{"id":1291,"href":"https:\/\/www.atlaskorrektur-berlin.de\/en\/wp-json\/wp\/v2\/posts\/1290\/revisions\/1291"}],"wp:attachment":[{"href":"https:\/\/www.atlaskorrektur-berlin.de\/en\/wp-json\/wp\/v2\/media?parent=1290"}],"wp:term":[{"taxonomy":"category","embeddable":true,"href":"https:\/\/www.atlaskorrektur-berlin.de\/en\/wp-json\/wp\/v2\/categories?post=1290"},{"taxonomy":"post_tag","embeddable":true,"href":"https:\/\/www.atlaskorrektur-berlin.de\/en\/wp-json\/wp\/v2\/tags?post=1290"}],"curies":[{"name":"wp","href":"https:\/\/api.w.org\/{rel}","templated":true}]}}