{"id":1269,"date":"2023-05-26T13:40:38","date_gmt":"2023-05-26T11:40:38","guid":{"rendered":"https:\/\/www.atlaskorrektur-berlin.de\/?p=1269"},"modified":"2023-05-26T13:41:42","modified_gmt":"2023-05-26T11:41:42","slug":"ich-war-vor-3-jahren-2","status":"publish","type":"post","link":"https:\/\/www.atlaskorrektur-berlin.de\/en\/patientenstimmen\/ich-war-vor-3-jahren-2-1269\/","title":{"rendered":"Ich war vor 3 Jahren"},"content":{"rendered":"\n<p>zum ersten Mal in der Praxis von Stefan Datt, da ich \u00fcber ein Jahr an schweren Kopfschmerzen und Schwindel litt.&nbsp;<\/p>\n\n\n\n<p>Seit ich die Atlaskorrektur habe durchf\u00fchren lassen, bin ich komplett vom Schwindel befreit.&nbsp;<\/p>\n\n\n\n<p>Die Kopfschmerzen bin ich nicht ganz losgeworden- gehe aber ca. alle 3 Monate zur Behandlung in die Praxis, das hilft mir sehr gut.&nbsp;<\/p>\n\n\n\n<p>Allen die z\u00f6gern hier eine Atlaskorrektur wegen Schwindel durchf\u00fchren zu lassen, kann ich nur raten es zu tun- ich bin sehr froh es getan zu haben ! Die Mitarbeiter und Mitarbeiterinnen sind kompetent, freundlich und verst\u00e4ndnisvoll- es wird einem au\u00dferdem alles sehr gut erkl\u00e4rt. S.B.<\/p>\n","protected":false},"excerpt":{"rendered":"<p>zum ersten Mal in der Praxis von Stefan Datt, da ich \u00fcber ein Jahr an schweren Kopfschmerzen und Schwindel litt.&nbsp; Seit ich die Atlaskorrektur habe durchf\u00fchren lassen, bin ich komplett vom Schwindel befreit.&nbsp; Die Kopfschmerzen bin ich nicht ganz losgeworden- gehe aber ca. alle 3 Monate zur Behandlung in die Praxis, das hilft mir sehr [&hellip;]<\/p>\n","protected":false},"author":4,"featured_media":0,"comment_status":"closed","ping_status":"closed","sticky":false,"template":"","format":"standard","meta":{"footnotes":""},"categories":[5],"tags":[],"class_list":["post-1269","post","type-post","status-publish","format-standard","hentry","category-patientenstimmen"],"translation":{"provider":"WPGlobus","version":"2.12.2","language":"en","enabled_languages":["de","en"],"languages":{"de":{"title":true,"content":true,"excerpt":false},"en":{"title":false,"content":false,"excerpt":false}}},"_links":{"self":[{"href":"https:\/\/www.atlaskorrektur-berlin.de\/en\/wp-json\/wp\/v2\/posts\/1269","targetHints":{"allow":["GET"]}}],"collection":[{"href":"https:\/\/www.atlaskorrektur-berlin.de\/en\/wp-json\/wp\/v2\/posts"}],"about":[{"href":"https:\/\/www.atlaskorrektur-berlin.de\/en\/wp-json\/wp\/v2\/types\/post"}],"author":[{"embeddable":true,"href":"https:\/\/www.atlaskorrektur-berlin.de\/en\/wp-json\/wp\/v2\/users\/4"}],"replies":[{"embeddable":true,"href":"https:\/\/www.atlaskorrektur-berlin.de\/en\/wp-json\/wp\/v2\/comments?post=1269"}],"version-history":[{"count":1,"href":"https:\/\/www.atlaskorrektur-berlin.de\/en\/wp-json\/wp\/v2\/posts\/1269\/revisions"}],"predecessor-version":[{"id":1270,"href":"https:\/\/www.atlaskorrektur-berlin.de\/en\/wp-json\/wp\/v2\/posts\/1269\/revisions\/1270"}],"wp:attachment":[{"href":"https:\/\/www.atlaskorrektur-berlin.de\/en\/wp-json\/wp\/v2\/media?parent=1269"}],"wp:term":[{"taxonomy":"category","embeddable":true,"href":"https:\/\/www.atlaskorrektur-berlin.de\/en\/wp-json\/wp\/v2\/categories?post=1269"},{"taxonomy":"post_tag","embeddable":true,"href":"https:\/\/www.atlaskorrektur-berlin.de\/en\/wp-json\/wp\/v2\/tags?post=1269"}],"curies":[{"name":"wp","href":"https:\/\/api.w.org\/{rel}","templated":true}]}}