{"id":1218,"date":"2020-10-07T17:36:00","date_gmt":"2020-10-07T15:36:00","guid":{"rendered":"https:\/\/www.atlaskorrektur-berlin.de\/?p=1218"},"modified":"2021-07-06T17:38:28","modified_gmt":"2021-07-06T15:38:28","slug":"aufgrund-meiner-migraene-2","status":"publish","type":"post","link":"https:\/\/www.atlaskorrektur-berlin.de\/en\/patientenstimmen\/aufgrund-meiner-migraene-2-1218\/","title":{"rendered":"Aufgrund meiner Migr\u00e4ne"},"content":{"rendered":"\n<p>und meiner Schwindelerkrankung (Vestibularisparoxysmie seit 7 Jahren) habe ich die Atlaskorrektur bei Stefan Datt gemacht. Ich habe 3 Monate auf meinen Termin gewartet, aber das war es definitiv wert. Am 3. September diesen Jahres war es dann so weit. Ich stand in der Praxis von Stefan Datt. Ich hatte keine Erwartungen und bin auch nicht mit dem Gedanken hin gegangen, dass man mit helfen k\u00f6nnte oder sich irgendwas verbessert\/ver\u00e4ndert an meinen Beschwerden. Ich habe mir an diesem Tag vorgenommen mich einfach auf alles einzulassen was passieren sollte.<\/p>\n\n\n\n<p>Ich wurde freundlich empfangen in der Praxis.<br>Danach ging es zur Atlaskorrektur. Stefan hatte ein offenes Ohr f\u00fcr mich meine Beschwerden. Er ist kompetent und wei\u00df was er macht. Ich vertraute ihm sofort und konnte mich so in seine H\u00e4nde begeben.<\/p>\n\n\n\n<p>Die Atlaskorrektur ist nicht schmerzhaft, dennoch ab und zu etwas unangenehm aber auszuhalten. Dabei hat Stefan immer erkl\u00e4rt was er macht.<\/p>\n\n\n\n<p>Nach ca. 1 Stunde war ich fertig. Mein Genick wurde zum Abschluss noch getaped von Stefan. Ich ging aus der Praxis und habe mich wie ein neuer Mensch gef\u00fchlt. Ich konnte es gar nicht glaube dass dieser Zustand so l\u00e4nger anhalten sollte. Aber ich wurde eines besseren belehrt. Die ersten 4 Wochen hatte ich 2x Migr\u00e4ne, die zwar absolut auszuhalten war. Aber mein Schwindel, welcher mein Hauptproblem war, hat sich absolut ver\u00e4ndert.<br>Zudem sind mir noch mehrere Faktoren positiv aufgefallen. Mein K\u00f6rperhaltung hat sich verbessert. Seit der Korrektur schlafe ich besser und viel entspannter. Mein Kopf f\u00fchlt sich nicht mehr so an als w\u00fcrde er 100kg auf meinem Hals wiegen. Ich habe keine Schmerzen im Nacken- oder Schulterbereich mehr. Ich stehe fest auf meinen F\u00fc\u00dfen, ohne das Gef\u00fchl zu haben extrem hin und her zu schwanken. Auch mit Stress komme ich viel besser zurecht. Ich ziehe meine Schulter nicht mehr hoch. Mein rechter Kieferbereich ist nicht mehr angespannt, was auch ganz viel aus macht- was ich beobachten konnte. Mir und meinem Gem\u00fct geht es einfach viel besser seit dieser Atlastherapie.<\/p>\n\n\n\n<p>Nach ca. 4 Wochen hatte ich dann meinen Nachsorgetermin. es war alles noch so wie es sein sollte. Stefan hat den Atlas nochmal abgetastet und hier und da noch etwas &#8220;nachgeholfen&#8221; und nach der Nachsorge habe ich mir auch gleich noch zwei Massagetermine in der Praxis von Stefan geben lassen.<\/p>\n\n\n\n<p>Ich bin wirklich sehr gl\u00fccklich, dass ich diese Atlaskorrektur bei Stefan D. gemacht habe. Mein Schwindel ist zwar nicht ganz weg, das wird es auch nie, weil ich eine Diagnose (siehe oben) habe, aber er bzw. mein Zustand haben sich ver\u00e4ndert. Ich habe deutlich weniger Schwindel und komme besser damit klar. Ich kann Stefan und sein know how und seine jahrelange Erfahrung bez\u00fcglich der Atlaskorrektur wirklich jedem empfehlen, der R\u00fcckenprobleme, Schwindel, Migr\u00e4ne, starken Kopfschmerzen, Tinnitus, steifer Nacken, Schulterschmerzen oder dauerhafte Muskelverspannungen hat, sehr empfehlen. Ich bin wirklich froh, dass ich mich dazu entschieden und die Praxis von Stefan im Internet gefunden habe.<br>Somit vielen Dank an Stefan!<br>(Nadine)<\/p>\n","protected":false},"excerpt":{"rendered":"<p>und meiner Schwindelerkrankung (Vestibularisparoxysmie seit 7 Jahren) habe ich die Atlaskorrektur bei Stefan Datt gemacht. Ich habe 3 Monate auf meinen Termin gewartet, aber das war es definitiv wert. Am 3. September diesen Jahres war es dann so weit. Ich stand in der Praxis von Stefan Datt. Ich hatte keine Erwartungen und bin auch nicht [&hellip;]<\/p>\n","protected":false},"author":4,"featured_media":0,"comment_status":"closed","ping_status":"closed","sticky":false,"template":"","format":"standard","meta":{"footnotes":""},"categories":[5],"tags":[],"class_list":["post-1218","post","type-post","status-publish","format-standard","hentry","category-patientenstimmen"],"translation":{"provider":"WPGlobus","version":"2.12.2","language":"en","enabled_languages":["de","en"],"languages":{"de":{"title":true,"content":true,"excerpt":false},"en":{"title":false,"content":false,"excerpt":false}}},"_links":{"self":[{"href":"https:\/\/www.atlaskorrektur-berlin.de\/en\/wp-json\/wp\/v2\/posts\/1218","targetHints":{"allow":["GET"]}}],"collection":[{"href":"https:\/\/www.atlaskorrektur-berlin.de\/en\/wp-json\/wp\/v2\/posts"}],"about":[{"href":"https:\/\/www.atlaskorrektur-berlin.de\/en\/wp-json\/wp\/v2\/types\/post"}],"author":[{"embeddable":true,"href":"https:\/\/www.atlaskorrektur-berlin.de\/en\/wp-json\/wp\/v2\/users\/4"}],"replies":[{"embeddable":true,"href":"https:\/\/www.atlaskorrektur-berlin.de\/en\/wp-json\/wp\/v2\/comments?post=1218"}],"version-history":[{"count":1,"href":"https:\/\/www.atlaskorrektur-berlin.de\/en\/wp-json\/wp\/v2\/posts\/1218\/revisions"}],"predecessor-version":[{"id":1219,"href":"https:\/\/www.atlaskorrektur-berlin.de\/en\/wp-json\/wp\/v2\/posts\/1218\/revisions\/1219"}],"wp:attachment":[{"href":"https:\/\/www.atlaskorrektur-berlin.de\/en\/wp-json\/wp\/v2\/media?parent=1218"}],"wp:term":[{"taxonomy":"category","embeddable":true,"href":"https:\/\/www.atlaskorrektur-berlin.de\/en\/wp-json\/wp\/v2\/categories?post=1218"},{"taxonomy":"post_tag","embeddable":true,"href":"https:\/\/www.atlaskorrektur-berlin.de\/en\/wp-json\/wp\/v2\/tags?post=1218"}],"curies":[{"name":"wp","href":"https:\/\/api.w.org\/{rel}","templated":true}]}}